{"id":10405,"date":"2023-10-21T17:09:46","date_gmt":"2023-10-21T15:09:46","guid":{"rendered":"https:\/\/www.aipob-biodanza.org\/?p=10405"},"modified":"2024-03-31T11:33:23","modified_gmt":"2024-03-31T09:33:23","slug":"lazione-terapeutica-della-biodanza","status":"publish","type":"post","link":"https:\/\/www.aipob-biodanza.org\/en_GB\/lazione-terapeutica-della-biodanza\/","title":{"rendered":"L\u2019azione terapeutica della Biodanza"},"content":{"rendered":"\n<p>L\u2019azione terapeutica della Biodanza: <strong>conferenza on-line<\/strong> organizzata da AIPOB e condotta da <strong><a href=\"https:\/\/www.aipob-biodanza.org\/en_GB\/marcelo_ramon_mur\/\">Marcelo Mur<\/a> Sabato 2 dicembre 2023<\/strong> dalle ore 18,00 alle ore 20,00 CET <strong>aperta a tutti<\/strong>. La conferenza sar\u00e0 in italiano con traduzione simultanea in inglese e spagnolo.<\/p>\n\n\n\n<p>Per <strong>AIPOB <\/strong>tre anni fa ho tenuto una conferenza dal titolo <em>\u201cBiodanza tra educazione e terapia\u201d<\/em>. Il mio scopo fu esaminare i significati dei termini educazione e terapia alla luce di ci\u00f2 che scrive Rolando Toro e alla luce anche della mia esperienza come alunno e insegnante.<\/p>\n\n\n\n<h3 class=\"wp-block-heading\">L&#8217;azione terapeutica della Biodanza<\/h3>\n\n\n\n<p>Con questa nuova conferenza mi propongo di esaminare il fatto che Rolando Toro non definisce la Biodanza una terapia; tuttavia descrive azioni terapeutiche della Biodanza. Cosa significa? Come ho vissuto e come vivo la Biodanza da questo punto di vista? Come alunni sperimentiamo la vivencia d\u2019integrazione. Sentiamo la vita scorrere in noi con maggiore intensit\u00e0 e spontaneit\u00e0. Risvegliamo una nuova sensibilit\u00e0 verso la vita. Scopriamo nuove preferenze. Prendiamo nuove decisioni. Osserviamo la nostra vita cambiare in positivo e ne godiamo. Questo processo si compie fondamentalmente vivendo.<br>Il passaggio per diventare insegnante\/operatore inizia con una forte motivazione per accompagnare altri nello stesso processo. Questo richiede da noi un cambiamento profondo: da sentire la Biodanza a pensarla. Pensare la sua teoria e metodologia, e pensare anche i cambiamenti accaduti in noi grazie agli stimoli e alle azioni della Biodanza.<\/p>\n\n\n\n<h3 class=\"wp-block-heading\">La pratica della Biodanza ci cambia<\/h3>\n\n\n<div class=\"wp-block-image is-style-default\">\n<figure class=\"alignright size-large is-resized\"><a href=\"https:\/\/www.ibs.it\/biodanza-musica-movimento-comunicazione-espressiva-libro-rolando-toro\/e\/9788857307077\" target=\"_blank\" rel=\"noopener\"><img loading=\"lazy\" decoding=\"async\" src=\"https:\/\/www.aipob-biodanza.org\/wp-content\/uploads\/2023\/10\/Copertina-libro-Biodanza.jpg\" alt=\"\" class=\"wp-image-10407\" width=\"285\" height=\"404\"\/><\/a><figcaption class=\"wp-element-caption\">Rolando Toro, Biodanza, <br>2016 red! Edizioni, pag.39<\/figcaption><\/figure><\/div>\n\n\n<p>La pratica della Biodanza ci cambia: questo \u00e8 appurato. Ma, come sono cambiato con Biodanza? Quale ruolo hanno avuto gli incontri in Biodanza? Con la Biodanza \u00e8 possibile guarire? Come sono cambiato grazie ad altri interventi non di Biodanza? Condivider\u00f2 la mia esperienza personale.<\/p>\n\n\n\n<p class=\"has-text-align-center\"><em>\u201cLa Biodanza agisce sulle parti sane: gli abbozzi di creativit\u00e0 dell\u2019individuo, ci\u00f2 che rimane del suo entusiasmo, le sue occulte capacit\u00e0 espressive, la sua repressa necessit\u00e0 di affetto, la sua sincerit\u00e0 (\u2026)\u201d<\/em><\/p>\n\n\n\n<p class=\"has-text-align-center\"><strong>Rolando Toro<\/strong><\/p>\n\n\n\n<div style=\"height:48px\" aria-hidden=\"true\" class=\"wp-block-spacer\"><\/div>\n\n\n\n<p class=\"has-text-align-left\">Marcelo Mur<\/p>\n\n\n\n<h4 class=\"wp-block-heading has-text-align-center\">Clicca qui sotto per ottenere il testo della conferenza<\/h4>\n\n\n\n<div class=\"wp-block-buttons alignwide is-content-justification-space-between is-layout-flex wp-container-core-buttons-is-layout-1 wp-block-buttons-is-layout-flex\">\n<div class=\"wp-block-button is-style-outline is-style-outline--a061bcfe24a7d1c9ba6469e588af0339\"><a class=\"wp-block-button__link wp-element-button\" href=\"https:\/\/www.aipob-biodanza.org\/wp-content\/uploads\/2024\/03\/TESTO-COMPLETO-IT-Lazione-terapeutica-di-Biodanza-con-domande-e-risposte.pdf\" target=\"_blank\" rel=\"noreferrer noopener\">L&#8217;azione terapeutica della Biodanza<\/a><\/div>\n\n\n\n<div class=\"wp-block-button is-style-outline is-style-outline--126380cfb4eb12930a963fdecd337d00\"><a class=\"wp-block-button__link wp-element-button\" href=\"https:\/\/www.aipob-biodanza.org\/wp-content\/uploads\/2024\/03\/Therapeutic-Action-of-Biodanza.pdf\" target=\"_blank\" rel=\"noreferrer noopener\">Therapeutic action of Biodanza<\/a><\/div>\n\n\n\n<div class=\"wp-block-button is-style-outline is-style-outline--ee0ac52b2681600b17e3d201c47ea0cc\"><a class=\"wp-block-button__link has-text-align-center wp-element-button\" href=\"https:\/\/www.aipob-biodanza.org\/wp-content\/uploads\/2024\/03\/TESTO-COMPLETO-ES-La-accion-terapeutica-de-Biodanza-con-preguntas-y-respuestas.pdf\" target=\"_blank\" rel=\"noreferrer noopener\">La acci\u00f3n terap\u00e9utica de Biodanza<\/a><\/div>\n<\/div>\n\n\n\n<p><\/p>\n\n\n\n<div style=\"height:100px\" aria-hidden=\"true\" class=\"wp-block-spacer\"><\/div>\n","protected":false},"excerpt":{"rendered":"<p>L\u2019azione terapeutica della Biodanza: conferenza on-line organizzata da AIPOB e condotta da Marcelo Mur Sabato 2 dicembre 2023 dalle ore 18,00 alle ore 20,00 CET aperta a tutti. La conferenza sar\u00e0 in italiano con traduzione simultanea in inglese e spagnolo. Per AIPOB tre anni fa ho tenuto una conferenza dal [&hellip;]<\/p>\n","protected":false},"author":44,"featured_media":10414,"comment_status":"open","ping_status":"open","sticky":false,"template":"","format":"standard","meta":{"footnotes":""},"categories":[5],"tags":[],"class_list":["post-10405","post","type-post","status-publish","format-standard","has-post-thumbnail","hentry","category-corsi-e-stage"],"_links":{"self":[{"href":"https:\/\/www.aipob-biodanza.org\/en_GB\/wp-json\/wp\/v2\/posts\/10405"}],"collection":[{"href":"https:\/\/www.aipob-biodanza.org\/en_GB\/wp-json\/wp\/v2\/posts"}],"about":[{"href":"https:\/\/www.aipob-biodanza.org\/en_GB\/wp-json\/wp\/v2\/types\/post"}],"author":[{"embeddable":true,"href":"https:\/\/www.aipob-biodanza.org\/en_GB\/wp-json\/wp\/v2\/users\/44"}],"replies":[{"embeddable":true,"href":"https:\/\/www.aipob-biodanza.org\/en_GB\/wp-json\/wp\/v2\/comments?post=10405"}],"version-history":[{"count":39,"href":"https:\/\/www.aipob-biodanza.org\/en_GB\/wp-json\/wp\/v2\/posts\/10405\/revisions"}],"predecessor-version":[{"id":10531,"href":"https:\/\/www.aipob-biodanza.org\/en_GB\/wp-json\/wp\/v2\/posts\/10405\/revisions\/10531"}],"wp:featuredmedia":[{"embeddable":true,"href":"https:\/\/www.aipob-biodanza.org\/en_GB\/wp-json\/wp\/v2\/media\/10414"}],"wp:attachment":[{"href":"https:\/\/www.aipob-biodanza.org\/en_GB\/wp-json\/wp\/v2\/media?parent=10405"}],"wp:term":[{"taxonomy":"category","embeddable":true,"href":"https:\/\/www.aipob-biodanza.org\/en_GB\/wp-json\/wp\/v2\/categories?post=10405"},{"taxonomy":"post_tag","embeddable":true,"href":"https:\/\/www.aipob-biodanza.org\/en_GB\/wp-json\/wp\/v2\/tags?post=10405"}],"curies":[{"name":"wp","href":"https:\/\/api.w.org\/{rel}","templated":true}]}}