{"id":10803,"date":"2024-11-27T18:52:43","date_gmt":"2024-11-27T17:52:43","guid":{"rendered":"https:\/\/www.aipob-biodanza.org\/?p=10803"},"modified":"2024-11-27T18:52:54","modified_gmt":"2024-11-27T17:52:54","slug":"embodied-cognition","status":"publish","type":"post","link":"https:\/\/www.aipob-biodanza.org\/en_GB\/embodied-cognition\/","title":{"rendered":"Embodied Cognition"},"content":{"rendered":"\n<h2 class=\"wp-block-heading\">Embodied Cognition<\/h2>\n\n\n\n<h3 class=\"wp-block-heading\">Embodied Cognition<\/h3>\n\n\n\n<p>Per molto tempo, nella ns cultura, la mente umana ed i suoi stati psichici sono stati considerati incompatibili con la materia che ci circonda e con cui quotidianamente ci confrontiamo. Il dualismo in filosofia e nel pensiero occidentale sorge da questa presunta disomogeneit\u00e0 di due categorie di fenomeni: la materia e lo spirito, il corpo<br>e l\u2019anima.<br>Questa rigida divisione della realt\u00e0, che ha sempre suscitato polemiche, \u00e8 entrata in crisi definitiva con il progresso della scienza.<br>Per superare le numerose difficolt\u00e0 tuttora esistenti nell\u2019abbracciare completamente l\u2019unica natura materiale della realt\u00e0, nel xx sec., a partire dalla riflessione della Fenomenologia in filosofia, ed in contrapposizione con altri modelli interpretativi, ha preso forma e si \u00e8 sviluppata l\u2019idea che gli aspetti qualificanti dell\u2019esperienza umana non si possono comprendere che considerandoli profondamente radicati nella fisicit\u00e0 di un corpo che entra in relazione con la realt\u00e0 esterna.<br>Il corpo \u00e8 il mezzo dello stare al mondo ed avere un corpo, per un essere vivente, consiste nell\u2019entrare in relazione con un ambiente definito.<br>Ci occuperemo anche del modo in cui noi effettuiamo le ns scelte e prendiamo le ns decisioni.<\/p>\n\n\n<div class=\"wp-block-image\">\n<figure class=\"alignright size-large is-resized\"><img loading=\"lazy\" decoding=\"async\" width=\"659\" height=\"1024\" src=\"https:\/\/www.aipob-biodanza.org\/wp-content\/uploads\/2024\/10\/1557039104-ee-659x1024.jpg\" alt=\"\" class=\"wp-image-10806\" style=\"width:250px;height:auto\" srcset=\"https:\/\/www.aipob-biodanza.org\/wp-content\/uploads\/2024\/10\/1557039104-ee-659x1024.jpg 659w, https:\/\/www.aipob-biodanza.org\/wp-content\/uploads\/2024\/10\/1557039104-ee-193x300.jpg 193w, https:\/\/www.aipob-biodanza.org\/wp-content\/uploads\/2024\/10\/1557039104-ee-768x1194.jpg 768w, https:\/\/www.aipob-biodanza.org\/wp-content\/uploads\/2024\/10\/1557039104-ee-988x1536.jpg 988w, https:\/\/www.aipob-biodanza.org\/wp-content\/uploads\/2024\/10\/1557039104-ee.jpg 1204w\" sizes=\"(max-width: 659px) 100vw, 659px\" \/><\/figure><\/div>\n\n\n<h3 class=\"wp-block-heading\">Sistema Veloce e Sistema Lento<\/h3>\n\n\n\n<p>Quelli che originariamente erano stati identificati come sistema 1 e sistema 2, sono poi stati pubblicizzati con il famoso <a href=\"https:\/\/www.ilgiornale.it\/news\/pensiero-lento-pi-affidabile-veloce-1689155.html\" target=\"_blank\" rel=\"noreferrer noopener\">libro di D.Kahneman<\/a>, vincitore del premio Nobel per l\u2019Economia nel 2002, come sistema veloce e sistema lento.<br>In riferimento alla diversa rapidit\u00e0 di azione ed anche al diverso livello di coscienza dei processi sottostanti. Il primo, pi\u00f9 intuitivo ed immediato, il secondo che si dispiega solo sussidiariamente, richiede notevole sforzo e dispendio energetico, e viene comunemente identificato con il ragionamento logico.<br>Esploreremo i rapporti e le interferenze tra questi due sistemi nella nostra vita quotidiana ed anche le relazioni tra i due e le nostre possibilit\u00e0 di servirsene.<br>Infine cercheremo di esplorare una nuova dimensione dell\u2019inconscio che ha preso forma verso la fine del xx sec.<\/p>\n\n\n\n<h3 class=\"wp-block-heading\">L&#8217;Inconscio Cognitivo<\/h3>\n\n\n\n<p>Oltre l\u2019incoccio di Freud e di Jung, accanto alle intuizioni di Rolando, di Inconscio Vitale e di Inconscio Numinoso, si \u00e8 man mano affermata la consapevolezza che la parte pi\u00f9 rilevante della nostra conoscenza si trova al di sotto della soglia della nostra coscienza.<br>Arrivando alla formulazione dell\u2019ipotesi, apparentemente contraddittoria, di inconscio cognitivo.<br>Cercheremo anche di chiarire come queste proposte teoriche abbiano interessanti risvolti nella pratica della Biodanza e ci possano aiutare nella comprensione delle nostre esperienze.<\/p>\n\n\n\n<p class=\"has-text-align-right\"><em>Armando Montanari<\/em><\/p>\n\n\n\n<p><\/p>\n","protected":false},"excerpt":{"rendered":"<p>Embodied Cognition Embodied Cognition Per molto tempo, nella ns cultura, la mente umana ed i suoi stati psichici sono stati considerati incompatibili con la materia che ci circonda e con cui quotidianamente ci confrontiamo. Il dualismo in filosofia e nel pensiero occidentale sorge da questa presunta disomogeneit\u00e0 di due categorie [&hellip;]<\/p>\n","protected":false},"author":44,"featured_media":10808,"comment_status":"open","ping_status":"open","sticky":false,"template":"","format":"standard","meta":{"footnotes":""},"categories":[5],"tags":[],"class_list":["post-10803","post","type-post","status-publish","format-standard","has-post-thumbnail","hentry","category-corsi-e-stage"],"_links":{"self":[{"href":"https:\/\/www.aipob-biodanza.org\/en_GB\/wp-json\/wp\/v2\/posts\/10803"}],"collection":[{"href":"https:\/\/www.aipob-biodanza.org\/en_GB\/wp-json\/wp\/v2\/posts"}],"about":[{"href":"https:\/\/www.aipob-biodanza.org\/en_GB\/wp-json\/wp\/v2\/types\/post"}],"author":[{"embeddable":true,"href":"https:\/\/www.aipob-biodanza.org\/en_GB\/wp-json\/wp\/v2\/users\/44"}],"replies":[{"embeddable":true,"href":"https:\/\/www.aipob-biodanza.org\/en_GB\/wp-json\/wp\/v2\/comments?post=10803"}],"version-history":[{"count":3,"href":"https:\/\/www.aipob-biodanza.org\/en_GB\/wp-json\/wp\/v2\/posts\/10803\/revisions"}],"predecessor-version":[{"id":10807,"href":"https:\/\/www.aipob-biodanza.org\/en_GB\/wp-json\/wp\/v2\/posts\/10803\/revisions\/10807"}],"wp:featuredmedia":[{"embeddable":true,"href":"https:\/\/www.aipob-biodanza.org\/en_GB\/wp-json\/wp\/v2\/media\/10808"}],"wp:attachment":[{"href":"https:\/\/www.aipob-biodanza.org\/en_GB\/wp-json\/wp\/v2\/media?parent=10803"}],"wp:term":[{"taxonomy":"category","embeddable":true,"href":"https:\/\/www.aipob-biodanza.org\/en_GB\/wp-json\/wp\/v2\/categories?post=10803"},{"taxonomy":"post_tag","embeddable":true,"href":"https:\/\/www.aipob-biodanza.org\/en_GB\/wp-json\/wp\/v2\/tags?post=10803"}],"curies":[{"name":"wp","href":"https:\/\/api.w.org\/{rel}","templated":true}]}}