{"id":11147,"date":"2026-01-22T00:26:08","date_gmt":"2026-01-21T23:26:08","guid":{"rendered":"https:\/\/www.aipob-biodanza.org\/?p=11147"},"modified":"2026-02-12T20:30:25","modified_gmt":"2026-02-12T19:30:25","slug":"correlazioni-tra-esercizi-musiche-e-vivencia","status":"publish","type":"post","link":"https:\/\/www.aipob-biodanza.org\/en_GB\/correlazioni-tra-esercizi-musiche-e-vivencia\/","title":{"rendered":"Correlazioni tra esercizi, musiche e vivencia"},"content":{"rendered":"\n<h2 class=\"wp-block-heading\">Correlazioni tra esercizi, musiche e vivencia<\/h2>\n\n\n\n<p><\/p>\n\n\n\n<p>Questo \u00e8 un lavoro basato sull\u2019Elenco Ufficiale delle Musiche per Biodanza, elenco voluto e organizzato dal prof. Rolando Toro. Per essere aiutato a realizzarlo ha chiamato me e sua moglie Claudete Sant\u2019Anna. Questo Elenco organizza le Musiche per Esercizi e per Linee di Vivencia. Inoltre, per favorire una rapida ricerca di un brano o di un interprete, le musiche sono state organizzate anche per nome del compositore e\/o dell\u2019interprete, per nome del brano e per numero del CD.<br>La mia idea \u00e8 approfittare dal fatto che musiche ed esercizi sono organizzate per linee di vivencia, per approfondire e radicalizzare ciascuna de esse.<\/p>\n\n\n\n<p><br><a href=\"https:\/\/biodanzaliguria.it\/site\/2021\/04\/ricordando-rolando-toro-pedagogo\/\">Ho conosciuto Rolando Toro<\/a> nel 1976. Possiedo una lunga esperienza come allievo. Ho iniziato a condurre nel dicembre del 1979. Inoltre, Rolando mi ha scelto per collaborare con lui, fatto che mi ha permesso di arricchirmi con la sua vicinanza e la sua amicizia.<br>Relazioner\u00f2 gli esercizi con le categorie del movimento che stimolano.<br>Mi riferir\u00f2 alle chiavi per danzare.<br>Proporr\u00f2 danze che si propongono fondamentalmente nei corsi di approfondimento e radicalizzazione delle vivencia.<\/p>\n\n\n\n<p><br>Porr\u00f2 l\u2019enfasi nella <a href=\"https:\/\/biodanzaliguria.it\/site\/2013\/12\/articolo-3-2\/\">poetica dell\u2019incontro umano<\/a>, occupandomi di stimolare i quattro livelli integranti della Scala evolutiva dei livelli di legame umano proposta da Rolando Toro: priorit\u00e0 del noi e del dialogo, espressione dell\u2019identit\u00e0 con l\u2019altro, empatia ed epifania dell\u2019incontro.<br>Sar\u00e0 uno stage per rinascere, grazie alla radicalizzazione della vivencia, e per rinascere nell\u2019altro, nell\u2019amore.<\/p>\n\n\n\n<p class=\"has-text-align-right\"><br><em><a href=\"https:\/\/www.aipob-biodanza.org\/it_IT\/marcelo_ramon_mur\/\">Marcelo Mur<\/a><\/em><\/p>\n\n\n\n<div style=\"height:100px\" aria-hidden=\"true\" class=\"wp-block-spacer\"><\/div>\n\n\n\n<h1 class=\"wp-block-heading has-text-align-center\">21 e 22 febbraio 2026<\/h1>\n\n\n\n<h2 class=\"wp-block-heading has-text-align-center\">presso: &#8220;La Cordata&#8221; <\/h2>\n\n\n\n<h4 class=\"wp-block-heading has-text-align-center\">via B. Zumbini 6 Milano <\/h4>\n\n\n\n<h2 class=\"wp-block-heading has-text-align-center\">info@aipob-biodanza.org<\/h2>\n\n\n\n<div style=\"height:100px\" aria-hidden=\"true\" class=\"wp-block-spacer\"><\/div>\n\n\n\n<p>Sei un operatore titolare e desideri partecipare? Dalle ore 09,30 sar\u00e0 attiva la segreteria e potrai corrispondere la quota associativa direttamente sul posto. Per agevolare l&#8217;organizzazione, segnala la tua presenza compilando il form nella pagina che appare cliccando qui sotto<\/p>\n\n\n\n<div class=\"wp-block-group alignwide\"><div class=\"wp-block-group__inner-container is-layout-constrained wp-block-group-is-layout-constrained\">\n<div class=\"wp-block-buttons alignwide is-vertical is-content-justification-center is-layout-flex wp-container-core-buttons-is-layout-1 wp-block-buttons-is-layout-flex\">\n<div class=\"wp-block-button has-custom-width wp-block-button__width-50 has-custom-font-size is-style-outline has-medium-font-size is-style-outline--80f1d9d18253e09a373f7343c68cf10c\"><a class=\"wp-block-button__link has-white-color has-header-gradient-background-color has-text-color has-background has-link-color has-text-align-center wp-element-button\" href=\"https:\/\/mailchi.mp\/aipob-biodanza\/97v8li5ksu\" style=\"border-radius:12px\" target=\"_blank\" rel=\"noreferrer noopener\"><strong>SEGNALA LA TUA PRESENZA<\/strong><\/a><\/div>\n<\/div>\n<\/div><\/div>\n\n\n\n<p><\/p>\n","protected":false},"excerpt":{"rendered":"<p>Correlazioni tra esercizi, musiche e vivencia Questo \u00e8 un lavoro basato sull\u2019Elenco Ufficiale delle Musiche per Biodanza, elenco voluto e organizzato dal prof. Rolando Toro. Per essere aiutato a realizzarlo ha chiamato me e sua moglie Claudete Sant\u2019Anna. Questo Elenco organizza le Musiche per Esercizi e per Linee di Vivencia. [&hellip;]<\/p>\n","protected":false},"author":44,"featured_media":11155,"comment_status":"open","ping_status":"open","sticky":false,"template":"","format":"standard","meta":{"footnotes":""},"categories":[5],"tags":[],"class_list":["post-11147","post","type-post","status-publish","format-standard","has-post-thumbnail","hentry","category-corsi-e-stage"],"_links":{"self":[{"href":"https:\/\/www.aipob-biodanza.org\/en_GB\/wp-json\/wp\/v2\/posts\/11147"}],"collection":[{"href":"https:\/\/www.aipob-biodanza.org\/en_GB\/wp-json\/wp\/v2\/posts"}],"about":[{"href":"https:\/\/www.aipob-biodanza.org\/en_GB\/wp-json\/wp\/v2\/types\/post"}],"author":[{"embeddable":true,"href":"https:\/\/www.aipob-biodanza.org\/en_GB\/wp-json\/wp\/v2\/users\/44"}],"replies":[{"embeddable":true,"href":"https:\/\/www.aipob-biodanza.org\/en_GB\/wp-json\/wp\/v2\/comments?post=11147"}],"version-history":[{"count":7,"href":"https:\/\/www.aipob-biodanza.org\/en_GB\/wp-json\/wp\/v2\/posts\/11147\/revisions"}],"predecessor-version":[{"id":11168,"href":"https:\/\/www.aipob-biodanza.org\/en_GB\/wp-json\/wp\/v2\/posts\/11147\/revisions\/11168"}],"wp:featuredmedia":[{"embeddable":true,"href":"https:\/\/www.aipob-biodanza.org\/en_GB\/wp-json\/wp\/v2\/media\/11155"}],"wp:attachment":[{"href":"https:\/\/www.aipob-biodanza.org\/en_GB\/wp-json\/wp\/v2\/media?parent=11147"}],"wp:term":[{"taxonomy":"category","embeddable":true,"href":"https:\/\/www.aipob-biodanza.org\/en_GB\/wp-json\/wp\/v2\/categories?post=11147"},{"taxonomy":"post_tag","embeddable":true,"href":"https:\/\/www.aipob-biodanza.org\/en_GB\/wp-json\/wp\/v2\/tags?post=11147"}],"curies":[{"name":"wp","href":"https:\/\/api.w.org\/{rel}","templated":true}]}}